{"id":8041,"date":"2025-06-26T10:35:20","date_gmt":"2025-06-26T08:35:20","guid":{"rendered":"https:\/\/www.algaia.com\/?p=8041"},"modified":"2025-06-26T10:37:24","modified_gmt":"2025-06-26T08:37:24","slug":"premiere-assemblee-generale-de-normandie-filiere-algue","status":"publish","type":"post","link":"https:\/\/www.algaia.com\/index.php\/2025\/06\/26\/premiere-assemblee-generale-de-normandie-filiere-algue\/","title":{"rendered":"Premi\u00e8re Assembl\u00e9e G\u00e9n\u00e9rale de Normandie Fili\u00e8re Algues"},"content":{"rendered":"<p>[et_pb_section fb_built=\u00a0\u00bb1&Prime; theme_builder_area=\u00a0\u00bbpost_content\u00a0\u00bb _builder_version=\u00a0\u00bb4.27.4&Prime; _module_preset=\u00a0\u00bbdefault\u00a0\u00bb][et_pb_row _builder_version=\u00a0\u00bb4.27.4&Prime; _module_preset=\u00a0\u00bbdefault\u00a0\u00bb theme_builder_area=\u00a0\u00bbpost_content\u00a0\u00bb][et_pb_column _builder_version=\u00a0\u00bb4.27.4&Prime; _module_preset=\u00a0\u00bbdefault\u00a0\u00bb type=\u00a0\u00bb4_4&Prime; theme_builder_area=\u00a0\u00bbpost_content\u00a0\u00bb][et_pb_text _builder_version=\u00a0\u00bb4.27.4&Prime; _module_preset=\u00a0\u00bbdefault\u00a0\u00bb theme_builder_area=\u00a0\u00bbpost_content\u00a0\u00bb hover_enabled=\u00a0\u00bb0&Prime; sticky_enabled=\u00a0\u00bb0&Prime; custom_margin=\u00a0\u00bb-62px|||||\u00a0\u00bb]<\/p>\n<p><span lang=\"FR\">La toute premi\u00e8re Assembl\u00e9e G\u00e9n\u00e9rale <b>de <\/b><\/span><strong><span lang=\"FR\">Normandie Fili\u00e8re Algues (NFA)<\/span><\/strong><span lang=\"FR\"> s\u2019est tenue lundi dans les locaux de <\/span><strong><span lang=\"FR\">l\u2019Agglo 21 \u00e0 Saint-L\u00f4<\/span><\/strong><b><span lang=\"FR\"> !<\/span><\/b><\/p>\n<p><span lang=\"FR\">Sur les <\/span><strong><span lang=\"FR\">29 adh\u00e9rents<\/span><\/strong><span lang=\"FR\"> que compte aujourd\u2019hui l\u2019association, <\/span><strong><span lang=\"FR\">26 \u00e9taient pr\u00e9sents<\/span><\/strong><span lang=\"FR\"> pour \u00e9changer activement autour des <\/span><strong><span lang=\"FR\">premi\u00e8res \u00e9tapes de structuration<\/span><\/strong><span lang=\"FR\"> de NFA, mais aussi des <\/span><strong><span lang=\"FR\">actions prioritaires \u00e0 d\u00e9ployer<\/span><\/strong><span lang=\"FR\"> pour faire progresser la <\/span><strong><span lang=\"FR\">valorisation durable des algues normandes<\/span><\/strong><b><span lang=\"FR\">.<\/span><\/b><\/p>\n<p><span lang=\"FR\">Un grand merci \u00e0 toutes et \u00e0 tous pour votre <\/span><strong><span lang=\"FR\">engagement<\/span><\/strong><span lang=\"FR\">, vos <\/span><strong><span lang=\"FR\">id\u00e9es<\/span><\/strong><span lang=\"FR\"> et votre <\/span><strong><span lang=\"FR\">enthousiasme<\/span><\/strong><span lang=\"FR\"> lors de ces \u00e9changes riches et constructifs.<br \/>Merci \u00e9galement \u00e0 <\/span><strong><span lang=\"FR\">\u00a0Saint-L\u00f4<\/span><\/strong><span lang=\"FR\"><strong> Agglo<\/strong> pour son accueil chaleureux et la mise \u00e0 disposition gracieuse de ses locaux pour cette premi\u00e8re AG.<\/span><\/p>\n<p><span lang=\"FR\">Ce n\u2019est que le d\u00e9but d\u2019une belle aventure collective au service d\u2019une <\/span><strong><span lang=\"FR\">fili\u00e8re d\u2019avenir<\/span><\/strong><span lang=\"FR\">, porteuse d\u2019innovation, d\u2019emploi et de durabilit\u00e9 pour notre r\u00e9gion.<\/span><\/p>\n<p><span lang=\"FR\">En route vers de nouvelles \u00e9tapes pour les <\/span><strong><span lang=\"FR\">algues normandes<\/span><\/strong><span lang=\"FR\"> !<\/span><\/p>\n<p>[\/et_pb_text][\/et_pb_column][\/et_pb_row][et_pb_row _builder_version=\u00a0\u00bb4.27.4&Prime; _module_preset=\u00a0\u00bbdefault\u00a0\u00bb theme_builder_area=\u00a0\u00bbpost_content\u00a0\u00bb][et_pb_column _builder_version=\u00a0\u00bb4.27.4&Prime; _module_preset=\u00a0\u00bbdefault\u00a0\u00bb type=\u00a0\u00bb4_4&Prime; theme_builder_area=\u00a0\u00bbpost_content\u00a0\u00bb][et_pb_gallery _builder_version=\u00a0\u00bb4.27.4&Prime; _module_preset=\u00a0\u00bbdefault\u00a0\u00bb theme_builder_area=\u00a0\u00bbpost_content\u00a0\u00bb gallery_ids=\u00a0\u00bb8050,8048,8046,8044,8042&Prime; fullwidth=\u00a0\u00bbon\u00a0\u00bb hover_enabled=\u00a0\u00bb0&Prime; sticky_enabled=\u00a0\u00bb0&Prime; animation_style=\u00a0\u00bbfade\u00a0\u00bb animation_duration=\u00a0\u00bb650ms\u00a0\u00bb animation_repeat=\u00a0\u00bbloop\u00a0\u00bb auto=\u00a0\u00bbon\u00a0\u00bb][\/et_pb_gallery][\/et_pb_column][\/et_pb_row][\/et_pb_section]<\/p>\n","protected":false},"excerpt":{"rendered":"<p>La toute premi\u00e8re Assembl\u00e9e G\u00e9n\u00e9rale de Normandie Fili\u00e8re Algues (NFA) s\u2019est tenue lundi dans les locaux de l\u2019Agglo 21 \u00e0 Saint-L\u00f4 ! Sur les 29 adh\u00e9rents que compte aujourd\u2019hui l\u2019association, [&hellip;]<\/p>\n","protected":false},"author":1,"featured_media":8052,"comment_status":"open","ping_status":"open","sticky":false,"template":"","format":"standard","meta":{"_et_pb_use_builder":"on","_et_pb_old_content":"","_et_gb_content_width":"","_exactmetrics_skip_tracking":false,"_exactmetrics_sitenote_active":false,"_exactmetrics_sitenote_note":"","_exactmetrics_sitenote_category":0,"footnotes":""},"categories":[51],"tags":[69],"class_list":["post-8041","post","type-post","status-publish","format-standard","has-post-thumbnail","hentry","category-actus","tag-algues"],"yoast_head":"<!-- This site is optimized with the Yoast SEO plugin v27.4 - https:\/\/yoast.com\/product\/yoast-seo-wordpress\/ -->\n<title>Premi\u00e8re Assembl\u00e9e G\u00e9n\u00e9rale de Normandie Fili\u00e8re Algues &#8226; Algaia<\/title>\n<meta name=\"robots\" content=\"index, follow, max-snippet:-1, max-image-preview:large, max-video-preview:-1\" \/>\n<link rel=\"canonical\" href=\"https:\/\/www.algaia.com\/index.php\/2025\/06\/26\/premiere-assemblee-generale-de-normandie-filiere-algue\/\" \/>\n<meta property=\"og:locale\" content=\"fr_FR\" \/>\n<meta property=\"og:type\" content=\"article\" \/>\n<meta property=\"og:title\" content=\"Premi\u00e8re Assembl\u00e9e G\u00e9n\u00e9rale de Normandie Fili\u00e8re Algues &#8226; Algaia\" \/>\n<meta property=\"og:description\" content=\"La toute premi\u00e8re Assembl\u00e9e G\u00e9n\u00e9rale de Normandie Fili\u00e8re Algues (NFA) s\u2019est tenue lundi dans les locaux de l\u2019Agglo 21 \u00e0 Saint-L\u00f4 ! Sur les 29 adh\u00e9rents que compte aujourd\u2019hui l\u2019association, [&hellip;]\" \/>\n<meta property=\"og:url\" content=\"https:\/\/www.algaia.com\/index.php\/2025\/06\/26\/premiere-assemblee-generale-de-normandie-filiere-algue\/\" \/>\n<meta property=\"og:site_name\" content=\"Algaia\" \/>\n<meta property=\"article:published_time\" content=\"2025-06-26T08:35:20+00:00\" \/>\n<meta property=\"article:modified_time\" content=\"2025-06-26T08:37:24+00:00\" \/>\n<meta property=\"og:image\" content=\"https:\/\/www.algaia.com\/wp-content\/uploads\/2025\/06\/1.jpg\" \/>\n\t<meta property=\"og:image:width\" content=\"800\" \/>\n\t<meta property=\"og:image:height\" content=\"500\" \/>\n\t<meta property=\"og:image:type\" content=\"image\/jpeg\" \/>\n<meta name=\"author\" content=\"admin_Algaia\" \/>\n<meta name=\"twitter:card\" content=\"summary_large_image\" \/>\n<meta name=\"twitter:label1\" content=\"\u00c9crit par\" \/>\n\t<meta name=\"twitter:data1\" content=\"admin_Algaia\" \/>\n\t<meta name=\"twitter:label2\" content=\"Dur\u00e9e de lecture estim\u00e9e\" \/>\n\t<meta name=\"twitter:data2\" content=\"2 minutes\" \/>\n<script type=\"application\/ld+json\" class=\"yoast-schema-graph\">{\"@context\":\"https:\\\/\\\/schema.org\",\"@graph\":[{\"@type\":\"Article\",\"@id\":\"https:\\\/\\\/www.algaia.com\\\/index.php\\\/2025\\\/06\\\/26\\\/premiere-assemblee-generale-de-normandie-filiere-algue\\\/#article\",\"isPartOf\":{\"@id\":\"https:\\\/\\\/www.algaia.com\\\/index.php\\\/2025\\\/06\\\/26\\\/premiere-assemblee-generale-de-normandie-filiere-algue\\\/\"},\"author\":{\"name\":\"admin_Algaia\",\"@id\":\"https:\\\/\\\/www.algaia.com\\\/#\\\/schema\\\/person\\\/95bcabb950f4a6699dc569d7483020dc\"},\"headline\":\"Premi\u00e8re Assembl\u00e9e G\u00e9n\u00e9rale de Normandie Fili\u00e8re Algues\",\"datePublished\":\"2025-06-26T08:35:20+00:00\",\"dateModified\":\"2025-06-26T08:37:24+00:00\",\"mainEntityOfPage\":{\"@id\":\"https:\\\/\\\/www.algaia.com\\\/index.php\\\/2025\\\/06\\\/26\\\/premiere-assemblee-generale-de-normandie-filiere-algue\\\/\"},\"wordCount\":307,\"commentCount\":0,\"publisher\":{\"@id\":\"https:\\\/\\\/www.algaia.com\\\/#organization\"},\"image\":{\"@id\":\"https:\\\/\\\/www.algaia.com\\\/index.php\\\/2025\\\/06\\\/26\\\/premiere-assemblee-generale-de-normandie-filiere-algue\\\/#primaryimage\"},\"thumbnailUrl\":\"https:\\\/\\\/www.algaia.com\\\/wp-content\\\/uploads\\\/2025\\\/06\\\/1.jpg\",\"keywords\":[\"Algues\"],\"articleSection\":[\"Actus\"],\"inLanguage\":\"fr-FR\",\"potentialAction\":[{\"@type\":\"CommentAction\",\"name\":\"Comment\",\"target\":[\"https:\\\/\\\/www.algaia.com\\\/index.php\\\/2025\\\/06\\\/26\\\/premiere-assemblee-generale-de-normandie-filiere-algue\\\/#respond\"]}]},{\"@type\":\"WebPage\",\"@id\":\"https:\\\/\\\/www.algaia.com\\\/index.php\\\/2025\\\/06\\\/26\\\/premiere-assemblee-generale-de-normandie-filiere-algue\\\/\",\"url\":\"https:\\\/\\\/www.algaia.com\\\/index.php\\\/2025\\\/06\\\/26\\\/premiere-assemblee-generale-de-normandie-filiere-algue\\\/\",\"name\":\"Premi\u00e8re Assembl\u00e9e G\u00e9n\u00e9rale de Normandie Fili\u00e8re Algues &#8226; Algaia\",\"isPartOf\":{\"@id\":\"https:\\\/\\\/www.algaia.com\\\/#website\"},\"primaryImageOfPage\":{\"@id\":\"https:\\\/\\\/www.algaia.com\\\/index.php\\\/2025\\\/06\\\/26\\\/premiere-assemblee-generale-de-normandie-filiere-algue\\\/#primaryimage\"},\"image\":{\"@id\":\"https:\\\/\\\/www.algaia.com\\\/index.php\\\/2025\\\/06\\\/26\\\/premiere-assemblee-generale-de-normandie-filiere-algue\\\/#primaryimage\"},\"thumbnailUrl\":\"https:\\\/\\\/www.algaia.com\\\/wp-content\\\/uploads\\\/2025\\\/06\\\/1.jpg\",\"datePublished\":\"2025-06-26T08:35:20+00:00\",\"dateModified\":\"2025-06-26T08:37:24+00:00\",\"breadcrumb\":{\"@id\":\"https:\\\/\\\/www.algaia.com\\\/index.php\\\/2025\\\/06\\\/26\\\/premiere-assemblee-generale-de-normandie-filiere-algue\\\/#breadcrumb\"},\"inLanguage\":\"fr-FR\",\"potentialAction\":[{\"@type\":\"ReadAction\",\"target\":[\"https:\\\/\\\/www.algaia.com\\\/index.php\\\/2025\\\/06\\\/26\\\/premiere-assemblee-generale-de-normandie-filiere-algue\\\/\"]}]},{\"@type\":\"ImageObject\",\"inLanguage\":\"fr-FR\",\"@id\":\"https:\\\/\\\/www.algaia.com\\\/index.php\\\/2025\\\/06\\\/26\\\/premiere-assemblee-generale-de-normandie-filiere-algue\\\/#primaryimage\",\"url\":\"https:\\\/\\\/www.algaia.com\\\/wp-content\\\/uploads\\\/2025\\\/06\\\/1.jpg\",\"contentUrl\":\"https:\\\/\\\/www.algaia.com\\\/wp-content\\\/uploads\\\/2025\\\/06\\\/1.jpg\",\"width\":800,\"height\":500},{\"@type\":\"BreadcrumbList\",\"@id\":\"https:\\\/\\\/www.algaia.com\\\/index.php\\\/2025\\\/06\\\/26\\\/premiere-assemblee-generale-de-normandie-filiere-algue\\\/#breadcrumb\",\"itemListElement\":[{\"@type\":\"ListItem\",\"position\":1,\"name\":\"Home\",\"item\":\"https:\\\/\\\/www.algaia.com\\\/\"},{\"@type\":\"ListItem\",\"position\":2,\"name\":\"Premi\u00e8re Assembl\u00e9e G\u00e9n\u00e9rale de Normandie Fili\u00e8re Algues\"}]},{\"@type\":\"WebSite\",\"@id\":\"https:\\\/\\\/www.algaia.com\\\/#website\",\"url\":\"https:\\\/\\\/www.algaia.com\\\/\",\"name\":\"Algaia\",\"description\":\"Your Algae Partner\",\"publisher\":{\"@id\":\"https:\\\/\\\/www.algaia.com\\\/#organization\"},\"potentialAction\":[{\"@type\":\"SearchAction\",\"target\":{\"@type\":\"EntryPoint\",\"urlTemplate\":\"https:\\\/\\\/www.algaia.com\\\/?s={search_term_string}\"},\"query-input\":{\"@type\":\"PropertyValueSpecification\",\"valueRequired\":true,\"valueName\":\"search_term_string\"}}],\"inLanguage\":\"fr-FR\"},{\"@type\":\"Organization\",\"@id\":\"https:\\\/\\\/www.algaia.com\\\/#organization\",\"name\":\"algaia\",\"url\":\"https:\\\/\\\/www.algaia.com\\\/\",\"logo\":{\"@type\":\"ImageObject\",\"inLanguage\":\"fr-FR\",\"@id\":\"https:\\\/\\\/www.algaia.com\\\/#\\\/schema\\\/logo\\\/image\\\/\",\"url\":\"https:\\\/\\\/www.algaia.com\\\/wp-content\\\/uploads\\\/2019\\\/03\\\/news.jpg\",\"contentUrl\":\"https:\\\/\\\/www.algaia.com\\\/wp-content\\\/uploads\\\/2019\\\/03\\\/news.jpg\",\"width\":358,\"height\":251,\"caption\":\"algaia\"},\"image\":{\"@id\":\"https:\\\/\\\/www.algaia.com\\\/#\\\/schema\\\/logo\\\/image\\\/\"},\"sameAs\":[\"https:\\\/\\\/www.linkedin.com\\\/company\\\/algaia\\\/\"]},{\"@type\":\"Person\",\"@id\":\"https:\\\/\\\/www.algaia.com\\\/#\\\/schema\\\/person\\\/95bcabb950f4a6699dc569d7483020dc\",\"name\":\"admin_Algaia\",\"image\":{\"@type\":\"ImageObject\",\"inLanguage\":\"fr-FR\",\"@id\":\"https:\\\/\\\/secure.gravatar.com\\\/avatar\\\/2958ff70fb621d5ecc1f938d297cd4dcb6414d264ff72175a2686413961be206?s=96&d=mm&r=g\",\"url\":\"https:\\\/\\\/secure.gravatar.com\\\/avatar\\\/2958ff70fb621d5ecc1f938d297cd4dcb6414d264ff72175a2686413961be206?s=96&d=mm&r=g\",\"contentUrl\":\"https:\\\/\\\/secure.gravatar.com\\\/avatar\\\/2958ff70fb621d5ecc1f938d297cd4dcb6414d264ff72175a2686413961be206?s=96&d=mm&r=g\",\"caption\":\"admin_Algaia\"},\"url\":\"https:\\\/\\\/www.algaia.com\\\/index.php\\\/author\\\/admin_algaia\\\/\"}]}<\/script>\n<!-- \/ Yoast SEO plugin. -->","yoast_head_json":{"title":"Premi\u00e8re Assembl\u00e9e G\u00e9n\u00e9rale de Normandie Fili\u00e8re Algues &#8226; Algaia","robots":{"index":"index","follow":"follow","max-snippet":"max-snippet:-1","max-image-preview":"max-image-preview:large","max-video-preview":"max-video-preview:-1"},"canonical":"https:\/\/www.algaia.com\/index.php\/2025\/06\/26\/premiere-assemblee-generale-de-normandie-filiere-algue\/","og_locale":"fr_FR","og_type":"article","og_title":"Premi\u00e8re Assembl\u00e9e G\u00e9n\u00e9rale de Normandie Fili\u00e8re Algues &#8226; Algaia","og_description":"La toute premi\u00e8re Assembl\u00e9e G\u00e9n\u00e9rale de Normandie Fili\u00e8re Algues (NFA) s\u2019est tenue lundi dans les locaux de l\u2019Agglo 21 \u00e0 Saint-L\u00f4 ! Sur les 29 adh\u00e9rents que compte aujourd\u2019hui l\u2019association, [&hellip;]","og_url":"https:\/\/www.algaia.com\/index.php\/2025\/06\/26\/premiere-assemblee-generale-de-normandie-filiere-algue\/","og_site_name":"Algaia","article_published_time":"2025-06-26T08:35:20+00:00","article_modified_time":"2025-06-26T08:37:24+00:00","og_image":[{"width":800,"height":500,"url":"https:\/\/www.algaia.com\/wp-content\/uploads\/2025\/06\/1.jpg","type":"image\/jpeg"}],"author":"admin_Algaia","twitter_card":"summary_large_image","twitter_misc":{"\u00c9crit par":"admin_Algaia","Dur\u00e9e de lecture estim\u00e9e":"2 minutes"},"schema":{"@context":"https:\/\/schema.org","@graph":[{"@type":"Article","@id":"https:\/\/www.algaia.com\/index.php\/2025\/06\/26\/premiere-assemblee-generale-de-normandie-filiere-algue\/#article","isPartOf":{"@id":"https:\/\/www.algaia.com\/index.php\/2025\/06\/26\/premiere-assemblee-generale-de-normandie-filiere-algue\/"},"author":{"name":"admin_Algaia","@id":"https:\/\/www.algaia.com\/#\/schema\/person\/95bcabb950f4a6699dc569d7483020dc"},"headline":"Premi\u00e8re Assembl\u00e9e G\u00e9n\u00e9rale de Normandie Fili\u00e8re Algues","datePublished":"2025-06-26T08:35:20+00:00","dateModified":"2025-06-26T08:37:24+00:00","mainEntityOfPage":{"@id":"https:\/\/www.algaia.com\/index.php\/2025\/06\/26\/premiere-assemblee-generale-de-normandie-filiere-algue\/"},"wordCount":307,"commentCount":0,"publisher":{"@id":"https:\/\/www.algaia.com\/#organization"},"image":{"@id":"https:\/\/www.algaia.com\/index.php\/2025\/06\/26\/premiere-assemblee-generale-de-normandie-filiere-algue\/#primaryimage"},"thumbnailUrl":"https:\/\/www.algaia.com\/wp-content\/uploads\/2025\/06\/1.jpg","keywords":["Algues"],"articleSection":["Actus"],"inLanguage":"fr-FR","potentialAction":[{"@type":"CommentAction","name":"Comment","target":["https:\/\/www.algaia.com\/index.php\/2025\/06\/26\/premiere-assemblee-generale-de-normandie-filiere-algue\/#respond"]}]},{"@type":"WebPage","@id":"https:\/\/www.algaia.com\/index.php\/2025\/06\/26\/premiere-assemblee-generale-de-normandie-filiere-algue\/","url":"https:\/\/www.algaia.com\/index.php\/2025\/06\/26\/premiere-assemblee-generale-de-normandie-filiere-algue\/","name":"Premi\u00e8re Assembl\u00e9e G\u00e9n\u00e9rale de Normandie Fili\u00e8re Algues &#8226; Algaia","isPartOf":{"@id":"https:\/\/www.algaia.com\/#website"},"primaryImageOfPage":{"@id":"https:\/\/www.algaia.com\/index.php\/2025\/06\/26\/premiere-assemblee-generale-de-normandie-filiere-algue\/#primaryimage"},"image":{"@id":"https:\/\/www.algaia.com\/index.php\/2025\/06\/26\/premiere-assemblee-generale-de-normandie-filiere-algue\/#primaryimage"},"thumbnailUrl":"https:\/\/www.algaia.com\/wp-content\/uploads\/2025\/06\/1.jpg","datePublished":"2025-06-26T08:35:20+00:00","dateModified":"2025-06-26T08:37:24+00:00","breadcrumb":{"@id":"https:\/\/www.algaia.com\/index.php\/2025\/06\/26\/premiere-assemblee-generale-de-normandie-filiere-algue\/#breadcrumb"},"inLanguage":"fr-FR","potentialAction":[{"@type":"ReadAction","target":["https:\/\/www.algaia.com\/index.php\/2025\/06\/26\/premiere-assemblee-generale-de-normandie-filiere-algue\/"]}]},{"@type":"ImageObject","inLanguage":"fr-FR","@id":"https:\/\/www.algaia.com\/index.php\/2025\/06\/26\/premiere-assemblee-generale-de-normandie-filiere-algue\/#primaryimage","url":"https:\/\/www.algaia.com\/wp-content\/uploads\/2025\/06\/1.jpg","contentUrl":"https:\/\/www.algaia.com\/wp-content\/uploads\/2025\/06\/1.jpg","width":800,"height":500},{"@type":"BreadcrumbList","@id":"https:\/\/www.algaia.com\/index.php\/2025\/06\/26\/premiere-assemblee-generale-de-normandie-filiere-algue\/#breadcrumb","itemListElement":[{"@type":"ListItem","position":1,"name":"Home","item":"https:\/\/www.algaia.com\/"},{"@type":"ListItem","position":2,"name":"Premi\u00e8re Assembl\u00e9e G\u00e9n\u00e9rale de Normandie Fili\u00e8re Algues"}]},{"@type":"WebSite","@id":"https:\/\/www.algaia.com\/#website","url":"https:\/\/www.algaia.com\/","name":"Algaia","description":"Your Algae Partner","publisher":{"@id":"https:\/\/www.algaia.com\/#organization"},"potentialAction":[{"@type":"SearchAction","target":{"@type":"EntryPoint","urlTemplate":"https:\/\/www.algaia.com\/?s={search_term_string}"},"query-input":{"@type":"PropertyValueSpecification","valueRequired":true,"valueName":"search_term_string"}}],"inLanguage":"fr-FR"},{"@type":"Organization","@id":"https:\/\/www.algaia.com\/#organization","name":"algaia","url":"https:\/\/www.algaia.com\/","logo":{"@type":"ImageObject","inLanguage":"fr-FR","@id":"https:\/\/www.algaia.com\/#\/schema\/logo\/image\/","url":"https:\/\/www.algaia.com\/wp-content\/uploads\/2019\/03\/news.jpg","contentUrl":"https:\/\/www.algaia.com\/wp-content\/uploads\/2019\/03\/news.jpg","width":358,"height":251,"caption":"algaia"},"image":{"@id":"https:\/\/www.algaia.com\/#\/schema\/logo\/image\/"},"sameAs":["https:\/\/www.linkedin.com\/company\/algaia\/"]},{"@type":"Person","@id":"https:\/\/www.algaia.com\/#\/schema\/person\/95bcabb950f4a6699dc569d7483020dc","name":"admin_Algaia","image":{"@type":"ImageObject","inLanguage":"fr-FR","@id":"https:\/\/secure.gravatar.com\/avatar\/2958ff70fb621d5ecc1f938d297cd4dcb6414d264ff72175a2686413961be206?s=96&d=mm&r=g","url":"https:\/\/secure.gravatar.com\/avatar\/2958ff70fb621d5ecc1f938d297cd4dcb6414d264ff72175a2686413961be206?s=96&d=mm&r=g","contentUrl":"https:\/\/secure.gravatar.com\/avatar\/2958ff70fb621d5ecc1f938d297cd4dcb6414d264ff72175a2686413961be206?s=96&d=mm&r=g","caption":"admin_Algaia"},"url":"https:\/\/www.algaia.com\/index.php\/author\/admin_algaia\/"}]}},"_links":{"self":[{"href":"https:\/\/www.algaia.com\/index.php\/wp-json\/wp\/v2\/posts\/8041","targetHints":{"allow":["GET"]}}],"collection":[{"href":"https:\/\/www.algaia.com\/index.php\/wp-json\/wp\/v2\/posts"}],"about":[{"href":"https:\/\/www.algaia.com\/index.php\/wp-json\/wp\/v2\/types\/post"}],"author":[{"embeddable":true,"href":"https:\/\/www.algaia.com\/index.php\/wp-json\/wp\/v2\/users\/1"}],"replies":[{"embeddable":true,"href":"https:\/\/www.algaia.com\/index.php\/wp-json\/wp\/v2\/comments?post=8041"}],"version-history":[{"count":7,"href":"https:\/\/www.algaia.com\/index.php\/wp-json\/wp\/v2\/posts\/8041\/revisions"}],"predecessor-version":[{"id":8062,"href":"https:\/\/www.algaia.com\/index.php\/wp-json\/wp\/v2\/posts\/8041\/revisions\/8062"}],"wp:featuredmedia":[{"embeddable":true,"href":"https:\/\/www.algaia.com\/index.php\/wp-json\/wp\/v2\/media\/8052"}],"wp:attachment":[{"href":"https:\/\/www.algaia.com\/index.php\/wp-json\/wp\/v2\/media?parent=8041"}],"wp:term":[{"taxonomy":"category","embeddable":true,"href":"https:\/\/www.algaia.com\/index.php\/wp-json\/wp\/v2\/categories?post=8041"},{"taxonomy":"post_tag","embeddable":true,"href":"https:\/\/www.algaia.com\/index.php\/wp-json\/wp\/v2\/tags?post=8041"}],"curies":[{"name":"wp","href":"https:\/\/api.w.org\/{rel}","templated":true}]}}