{"id":7794,"date":"2025-03-27T15:26:56","date_gmt":"2025-03-27T14:26:56","guid":{"rendered":"https:\/\/www.algaia.com\/?p=7794"},"modified":"2025-03-27T15:26:57","modified_gmt":"2025-03-27T14:26:57","slug":"la-filiere-algale-normande-au-programme-dune-visite-de-parlementaires-a-saint-lo","status":"publish","type":"post","link":"https:\/\/www.algaia.com\/index.php\/2025\/03\/27\/la-filiere-algale-normande-au-programme-dune-visite-de-parlementaires-a-saint-lo\/","title":{"rendered":"La fili\u00e8re algale normande au programme d&rsquo;une visite de parlementaires \u00e0 Saint L\u00f4"},"content":{"rendered":"<p>[et_pb_section fb_built=\u00a0\u00bb1&Prime; theme_builder_area=\u00a0\u00bbpost_content\u00a0\u00bb _builder_version=\u00a0\u00bb4.27.4&Prime; _module_preset=\u00a0\u00bbdefault\u00a0\u00bb][et_pb_row _builder_version=\u00a0\u00bb4.27.4&Prime; _module_preset=\u00a0\u00bbdefault\u00a0\u00bb column_structure=\u00a0\u00bb1_2,1_2&Prime; theme_builder_area=\u00a0\u00bbpost_content\u00a0\u00bb][et_pb_column _builder_version=\u00a0\u00bb4.27.4&Prime; _module_preset=\u00a0\u00bbdefault\u00a0\u00bb type=\u00a0\u00bb1_2&Prime; theme_builder_area=\u00a0\u00bbpost_content\u00a0\u00bb][et_pb_text _builder_version=\u00a0\u00bb4.27.4&Prime; _module_preset=\u00a0\u00bbdefault\u00a0\u00bb theme_builder_area=\u00a0\u00bbpost_content\u00a0\u00bb hover_enabled=\u00a0\u00bb0&Prime; sticky_enabled=\u00a0\u00bb0&Prime;]<\/p>\n<p>Nous avons eu l&rsquo;honneur d&rsquo;accueillir sur le site d&rsquo;Algaia \u00e0 Saint-L\u00f4 une d\u00e9l\u00e9gation de parlementaires manchois et d\u2019\u00e9lus locaux :<\/p>\n<ul>\n<li>S\u00e9bastien Fagnen et B\u00e9atrice Gosselin, s\u00e9nateurs de la Manche,<\/li>\n<li>Philippe Gosselin, d\u00e9put\u00e9 de la Manche,<\/li>\n<li>Fabrice Lemazurier et Mickael Grandin, Pr\u00e9sident et Vice-Pr\u00e9sident de Saint-L\u00f4 Agglo<\/li>\n<li>et Emmanuelle Lejeune, maire de St L\u00f4.<\/li>\n<\/ul>\n<p>\u00a0Cette visite, initi\u00e9e par Franck Hennequart, Xavier Blaizot, Pr\u00e9sident et Vice-Pr\u00e9sident de NFA Normandie Filiere Algues, Sebastien Pien, Responsable projet Algues au SMEL et Sophie PERDRIEL, entrepreneuse et directrice g\u00e9n\u00e9rale de MAGMA avait pour objectif de sensibiliser nos d\u00e9cideurs aux enjeux et opportunit\u00e9s li\u00e9s \u00e0 la biomasse algale.<\/p>\n<p>Les algues normandes sont un tr\u00e9sor encore sous-exploit\u00e9, sources d&rsquo;ingr\u00e9dients naturels pour de nombreux secteurs \u00e0 l\u2019image des algues bretonnes mais \u00e9galement potentiellement cr\u00e9atrices d\u2019emplois en Normandie.<\/p>\n<p>Elles repr\u00e9sentent une ressource strat\u00e9gique pour l\u2019essor de la bio\u00e9conomie bleue en France et s\u2019inscrit parfaitement dans la feuille de route nationale pour le d\u00e9veloppement des fili\u00e8res algales. L\u2019implication de nos parlementaires est essentielle pour accompagner cette dynamique et favoriser un cadre propice \u00e0 l\u2019essor de cette fili\u00e8re.<\/p>\n<p>Merci \u00e0 tous pour ces \u00e9changes constructifs afin de d\u00e9velopper une fili\u00e8re normande d\u2019avenir, durable et innovante.<\/p>\n<p>[\/et_pb_text][\/et_pb_column][et_pb_column _builder_version=\u00a0\u00bb4.27.4&Prime; _module_preset=\u00a0\u00bbdefault\u00a0\u00bb type=\u00a0\u00bb1_2&Prime; theme_builder_area=\u00a0\u00bbpost_content\u00a0\u00bb][et_pb_image src=\u00a0\u00bbhttps:\/\/www.algaia.com\/wp-content\/uploads\/2025\/03\/1742839091112.jpeg\u00a0\u00bb _builder_version=\u00a0\u00bb4.27.4&Prime; _module_preset=\u00a0\u00bbdefault\u00a0\u00bb theme_builder_area=\u00a0\u00bbpost_content\u00a0\u00bb title_text=\u00a0\u00bb1742839091112&Prime; hover_enabled=\u00a0\u00bb0&Prime; sticky_enabled=\u00a0\u00bb0&Prime;][\/et_pb_image][et_pb_image src=\u00a0\u00bbhttps:\/\/www.algaia.com\/wp-content\/uploads\/2025\/03\/1742839090880.jpeg\u00a0\u00bb _builder_version=\u00a0\u00bb4.27.4&Prime; _module_preset=\u00a0\u00bbdefault\u00a0\u00bb theme_builder_area=\u00a0\u00bbpost_content\u00a0\u00bb title_text=\u00a0\u00bb1742839090880&Prime; hover_enabled=\u00a0\u00bb0&Prime; sticky_enabled=\u00a0\u00bb0&Prime;][\/et_pb_image][et_pb_image src=\u00a0\u00bbhttps:\/\/www.algaia.com\/wp-content\/uploads\/2025\/03\/1742842012349.jpeg\u00a0\u00bb _builder_version=\u00a0\u00bb4.27.4&Prime; _module_preset=\u00a0\u00bbdefault\u00a0\u00bb theme_builder_area=\u00a0\u00bbpost_content\u00a0\u00bb title_text=\u00a0\u00bb1742842012349&Prime; hover_enabled=\u00a0\u00bb0&Prime; sticky_enabled=\u00a0\u00bb0&Prime;][\/et_pb_image][\/et_pb_column][\/et_pb_row][\/et_pb_section]<\/p>\n","protected":false},"excerpt":{"rendered":"<p>Nous avons eu l&rsquo;honneur d&rsquo;accueillir sur le site d&rsquo;Algaia \u00e0 Saint-L\u00f4 une d\u00e9l\u00e9gation de parlementaires manchois et d\u2019\u00e9lus locaux : S\u00e9bastien Fagnen et B\u00e9atrice Gosselin, s\u00e9nateurs de la Manche, Philippe [&hellip;]<\/p>\n","protected":false},"author":1,"featured_media":7799,"comment_status":"open","ping_status":"open","sticky":false,"template":"","format":"standard","meta":{"_et_pb_use_builder":"on","_et_pb_old_content":"","_et_gb_content_width":"","_exactmetrics_skip_tracking":false,"_exactmetrics_sitenote_active":false,"_exactmetrics_sitenote_note":"","_exactmetrics_sitenote_category":0,"footnotes":""},"categories":[51],"tags":[],"class_list":["post-7794","post","type-post","status-publish","format-standard","has-post-thumbnail","hentry","category-actus"],"yoast_head":"<!-- This site is optimized with the Yoast SEO plugin v27.5 - https:\/\/yoast.com\/product\/yoast-seo-wordpress\/ -->\n<title>La fili\u00e8re algale normande au programme d&#039;une visite de parlementaires \u00e0 Saint L\u00f4 &#8226; Algaia<\/title>\n<meta name=\"robots\" content=\"index, follow, max-snippet:-1, max-image-preview:large, max-video-preview:-1\" \/>\n<link rel=\"canonical\" href=\"https:\/\/www.algaia.com\/index.php\/2025\/03\/27\/la-filiere-algale-normande-au-programme-dune-visite-de-parlementaires-a-saint-lo\/\" \/>\n<meta property=\"og:locale\" content=\"fr_FR\" \/>\n<meta property=\"og:type\" content=\"article\" \/>\n<meta property=\"og:title\" content=\"La fili\u00e8re algale normande au programme d&#039;une visite de parlementaires \u00e0 Saint L\u00f4 &#8226; Algaia\" \/>\n<meta property=\"og:description\" content=\"Nous avons eu l&#039;honneur d&#039;accueillir sur le site d&#039;Algaia \u00e0 Saint-L\u00f4 une d\u00e9l\u00e9gation de parlementaires manchois et d\u2019\u00e9lus locaux : S\u00e9bastien Fagnen et B\u00e9atrice Gosselin, s\u00e9nateurs de la Manche, Philippe [&hellip;]\" \/>\n<meta property=\"og:url\" content=\"https:\/\/www.algaia.com\/index.php\/2025\/03\/27\/la-filiere-algale-normande-au-programme-dune-visite-de-parlementaires-a-saint-lo\/\" \/>\n<meta property=\"og:site_name\" content=\"Algaia\" \/>\n<meta property=\"article:published_time\" content=\"2025-03-27T14:26:56+00:00\" \/>\n<meta property=\"article:modified_time\" content=\"2025-03-27T14:26:57+00:00\" \/>\n<meta property=\"og:image\" content=\"https:\/\/www.algaia.com\/wp-content\/uploads\/2025\/03\/1742842012359.jpeg\" \/>\n\t<meta property=\"og:image:width\" content=\"2048\" \/>\n\t<meta property=\"og:image:height\" content=\"1535\" \/>\n\t<meta property=\"og:image:type\" content=\"image\/jpeg\" \/>\n<meta name=\"author\" content=\"admin_Algaia\" \/>\n<meta name=\"twitter:card\" content=\"summary_large_image\" \/>\n<meta name=\"twitter:label1\" content=\"\u00c9crit par\" \/>\n\t<meta name=\"twitter:data1\" content=\"admin_Algaia\" \/>\n\t<meta name=\"twitter:label2\" content=\"Dur\u00e9e de lecture estim\u00e9e\" \/>\n\t<meta name=\"twitter:data2\" content=\"1 minute\" \/>\n<script type=\"application\/ld+json\" class=\"yoast-schema-graph\">{\"@context\":\"https:\\\/\\\/schema.org\",\"@graph\":[{\"@type\":\"Article\",\"@id\":\"https:\\\/\\\/www.algaia.com\\\/index.php\\\/2025\\\/03\\\/27\\\/la-filiere-algale-normande-au-programme-dune-visite-de-parlementaires-a-saint-lo\\\/#article\",\"isPartOf\":{\"@id\":\"https:\\\/\\\/www.algaia.com\\\/index.php\\\/2025\\\/03\\\/27\\\/la-filiere-algale-normande-au-programme-dune-visite-de-parlementaires-a-saint-lo\\\/\"},\"author\":{\"name\":\"admin_Algaia\",\"@id\":\"https:\\\/\\\/www.algaia.com\\\/#\\\/schema\\\/person\\\/95bcabb950f4a6699dc569d7483020dc\"},\"headline\":\"La fili\u00e8re algale normande au programme d&rsquo;une visite de parlementaires \u00e0 Saint L\u00f4\",\"datePublished\":\"2025-03-27T14:26:56+00:00\",\"dateModified\":\"2025-03-27T14:26:57+00:00\",\"mainEntityOfPage\":{\"@id\":\"https:\\\/\\\/www.algaia.com\\\/index.php\\\/2025\\\/03\\\/27\\\/la-filiere-algale-normande-au-programme-dune-visite-de-parlementaires-a-saint-lo\\\/\"},\"wordCount\":415,\"commentCount\":0,\"publisher\":{\"@id\":\"https:\\\/\\\/www.algaia.com\\\/#organization\"},\"image\":{\"@id\":\"https:\\\/\\\/www.algaia.com\\\/index.php\\\/2025\\\/03\\\/27\\\/la-filiere-algale-normande-au-programme-dune-visite-de-parlementaires-a-saint-lo\\\/#primaryimage\"},\"thumbnailUrl\":\"https:\\\/\\\/www.algaia.com\\\/wp-content\\\/uploads\\\/2025\\\/03\\\/1742842012359.jpeg\",\"articleSection\":[\"Actus\"],\"inLanguage\":\"fr-FR\",\"potentialAction\":[{\"@type\":\"CommentAction\",\"name\":\"Comment\",\"target\":[\"https:\\\/\\\/www.algaia.com\\\/index.php\\\/2025\\\/03\\\/27\\\/la-filiere-algale-normande-au-programme-dune-visite-de-parlementaires-a-saint-lo\\\/#respond\"]}]},{\"@type\":\"WebPage\",\"@id\":\"https:\\\/\\\/www.algaia.com\\\/index.php\\\/2025\\\/03\\\/27\\\/la-filiere-algale-normande-au-programme-dune-visite-de-parlementaires-a-saint-lo\\\/\",\"url\":\"https:\\\/\\\/www.algaia.com\\\/index.php\\\/2025\\\/03\\\/27\\\/la-filiere-algale-normande-au-programme-dune-visite-de-parlementaires-a-saint-lo\\\/\",\"name\":\"La fili\u00e8re algale normande au programme d'une visite de parlementaires \u00e0 Saint L\u00f4 &#8226; Algaia\",\"isPartOf\":{\"@id\":\"https:\\\/\\\/www.algaia.com\\\/#website\"},\"primaryImageOfPage\":{\"@id\":\"https:\\\/\\\/www.algaia.com\\\/index.php\\\/2025\\\/03\\\/27\\\/la-filiere-algale-normande-au-programme-dune-visite-de-parlementaires-a-saint-lo\\\/#primaryimage\"},\"image\":{\"@id\":\"https:\\\/\\\/www.algaia.com\\\/index.php\\\/2025\\\/03\\\/27\\\/la-filiere-algale-normande-au-programme-dune-visite-de-parlementaires-a-saint-lo\\\/#primaryimage\"},\"thumbnailUrl\":\"https:\\\/\\\/www.algaia.com\\\/wp-content\\\/uploads\\\/2025\\\/03\\\/1742842012359.jpeg\",\"datePublished\":\"2025-03-27T14:26:56+00:00\",\"dateModified\":\"2025-03-27T14:26:57+00:00\",\"breadcrumb\":{\"@id\":\"https:\\\/\\\/www.algaia.com\\\/index.php\\\/2025\\\/03\\\/27\\\/la-filiere-algale-normande-au-programme-dune-visite-de-parlementaires-a-saint-lo\\\/#breadcrumb\"},\"inLanguage\":\"fr-FR\",\"potentialAction\":[{\"@type\":\"ReadAction\",\"target\":[\"https:\\\/\\\/www.algaia.com\\\/index.php\\\/2025\\\/03\\\/27\\\/la-filiere-algale-normande-au-programme-dune-visite-de-parlementaires-a-saint-lo\\\/\"]}]},{\"@type\":\"ImageObject\",\"inLanguage\":\"fr-FR\",\"@id\":\"https:\\\/\\\/www.algaia.com\\\/index.php\\\/2025\\\/03\\\/27\\\/la-filiere-algale-normande-au-programme-dune-visite-de-parlementaires-a-saint-lo\\\/#primaryimage\",\"url\":\"https:\\\/\\\/www.algaia.com\\\/wp-content\\\/uploads\\\/2025\\\/03\\\/1742842012359.jpeg\",\"contentUrl\":\"https:\\\/\\\/www.algaia.com\\\/wp-content\\\/uploads\\\/2025\\\/03\\\/1742842012359.jpeg\",\"width\":2048,\"height\":1535},{\"@type\":\"BreadcrumbList\",\"@id\":\"https:\\\/\\\/www.algaia.com\\\/index.php\\\/2025\\\/03\\\/27\\\/la-filiere-algale-normande-au-programme-dune-visite-de-parlementaires-a-saint-lo\\\/#breadcrumb\",\"itemListElement\":[{\"@type\":\"ListItem\",\"position\":1,\"name\":\"Home\",\"item\":\"https:\\\/\\\/www.algaia.com\\\/\"},{\"@type\":\"ListItem\",\"position\":2,\"name\":\"La fili\u00e8re algale normande au programme d&rsquo;une visite de parlementaires \u00e0 Saint L\u00f4\"}]},{\"@type\":\"WebSite\",\"@id\":\"https:\\\/\\\/www.algaia.com\\\/#website\",\"url\":\"https:\\\/\\\/www.algaia.com\\\/\",\"name\":\"Algaia\",\"description\":\"Your Algae Partner\",\"publisher\":{\"@id\":\"https:\\\/\\\/www.algaia.com\\\/#organization\"},\"potentialAction\":[{\"@type\":\"SearchAction\",\"target\":{\"@type\":\"EntryPoint\",\"urlTemplate\":\"https:\\\/\\\/www.algaia.com\\\/?s={search_term_string}\"},\"query-input\":{\"@type\":\"PropertyValueSpecification\",\"valueRequired\":true,\"valueName\":\"search_term_string\"}}],\"inLanguage\":\"fr-FR\"},{\"@type\":\"Organization\",\"@id\":\"https:\\\/\\\/www.algaia.com\\\/#organization\",\"name\":\"algaia\",\"url\":\"https:\\\/\\\/www.algaia.com\\\/\",\"logo\":{\"@type\":\"ImageObject\",\"inLanguage\":\"fr-FR\",\"@id\":\"https:\\\/\\\/www.algaia.com\\\/#\\\/schema\\\/logo\\\/image\\\/\",\"url\":\"https:\\\/\\\/www.algaia.com\\\/wp-content\\\/uploads\\\/2019\\\/03\\\/news.jpg\",\"contentUrl\":\"https:\\\/\\\/www.algaia.com\\\/wp-content\\\/uploads\\\/2019\\\/03\\\/news.jpg\",\"width\":358,\"height\":251,\"caption\":\"algaia\"},\"image\":{\"@id\":\"https:\\\/\\\/www.algaia.com\\\/#\\\/schema\\\/logo\\\/image\\\/\"},\"sameAs\":[\"https:\\\/\\\/www.linkedin.com\\\/company\\\/algaia\\\/\"]},{\"@type\":\"Person\",\"@id\":\"https:\\\/\\\/www.algaia.com\\\/#\\\/schema\\\/person\\\/95bcabb950f4a6699dc569d7483020dc\",\"name\":\"admin_Algaia\",\"image\":{\"@type\":\"ImageObject\",\"inLanguage\":\"fr-FR\",\"@id\":\"https:\\\/\\\/secure.gravatar.com\\\/avatar\\\/2958ff70fb621d5ecc1f938d297cd4dcb6414d264ff72175a2686413961be206?s=96&d=mm&r=g\",\"url\":\"https:\\\/\\\/secure.gravatar.com\\\/avatar\\\/2958ff70fb621d5ecc1f938d297cd4dcb6414d264ff72175a2686413961be206?s=96&d=mm&r=g\",\"contentUrl\":\"https:\\\/\\\/secure.gravatar.com\\\/avatar\\\/2958ff70fb621d5ecc1f938d297cd4dcb6414d264ff72175a2686413961be206?s=96&d=mm&r=g\",\"caption\":\"admin_Algaia\"},\"url\":\"https:\\\/\\\/www.algaia.com\\\/index.php\\\/author\\\/admin_algaia\\\/\"}]}<\/script>\n<!-- \/ Yoast SEO plugin. -->","yoast_head_json":{"title":"La fili\u00e8re algale normande au programme d'une visite de parlementaires \u00e0 Saint L\u00f4 &#8226; Algaia","robots":{"index":"index","follow":"follow","max-snippet":"max-snippet:-1","max-image-preview":"max-image-preview:large","max-video-preview":"max-video-preview:-1"},"canonical":"https:\/\/www.algaia.com\/index.php\/2025\/03\/27\/la-filiere-algale-normande-au-programme-dune-visite-de-parlementaires-a-saint-lo\/","og_locale":"fr_FR","og_type":"article","og_title":"La fili\u00e8re algale normande au programme d'une visite de parlementaires \u00e0 Saint L\u00f4 &#8226; Algaia","og_description":"Nous avons eu l'honneur d'accueillir sur le site d'Algaia \u00e0 Saint-L\u00f4 une d\u00e9l\u00e9gation de parlementaires manchois et d\u2019\u00e9lus locaux : S\u00e9bastien Fagnen et B\u00e9atrice Gosselin, s\u00e9nateurs de la Manche, Philippe [&hellip;]","og_url":"https:\/\/www.algaia.com\/index.php\/2025\/03\/27\/la-filiere-algale-normande-au-programme-dune-visite-de-parlementaires-a-saint-lo\/","og_site_name":"Algaia","article_published_time":"2025-03-27T14:26:56+00:00","article_modified_time":"2025-03-27T14:26:57+00:00","og_image":[{"width":2048,"height":1535,"url":"https:\/\/www.algaia.com\/wp-content\/uploads\/2025\/03\/1742842012359.jpeg","type":"image\/jpeg"}],"author":"admin_Algaia","twitter_card":"summary_large_image","twitter_misc":{"\u00c9crit par":"admin_Algaia","Dur\u00e9e de lecture estim\u00e9e":"1 minute"},"schema":{"@context":"https:\/\/schema.org","@graph":[{"@type":"Article","@id":"https:\/\/www.algaia.com\/index.php\/2025\/03\/27\/la-filiere-algale-normande-au-programme-dune-visite-de-parlementaires-a-saint-lo\/#article","isPartOf":{"@id":"https:\/\/www.algaia.com\/index.php\/2025\/03\/27\/la-filiere-algale-normande-au-programme-dune-visite-de-parlementaires-a-saint-lo\/"},"author":{"name":"admin_Algaia","@id":"https:\/\/www.algaia.com\/#\/schema\/person\/95bcabb950f4a6699dc569d7483020dc"},"headline":"La fili\u00e8re algale normande au programme d&rsquo;une visite de parlementaires \u00e0 Saint L\u00f4","datePublished":"2025-03-27T14:26:56+00:00","dateModified":"2025-03-27T14:26:57+00:00","mainEntityOfPage":{"@id":"https:\/\/www.algaia.com\/index.php\/2025\/03\/27\/la-filiere-algale-normande-au-programme-dune-visite-de-parlementaires-a-saint-lo\/"},"wordCount":415,"commentCount":0,"publisher":{"@id":"https:\/\/www.algaia.com\/#organization"},"image":{"@id":"https:\/\/www.algaia.com\/index.php\/2025\/03\/27\/la-filiere-algale-normande-au-programme-dune-visite-de-parlementaires-a-saint-lo\/#primaryimage"},"thumbnailUrl":"https:\/\/www.algaia.com\/wp-content\/uploads\/2025\/03\/1742842012359.jpeg","articleSection":["Actus"],"inLanguage":"fr-FR","potentialAction":[{"@type":"CommentAction","name":"Comment","target":["https:\/\/www.algaia.com\/index.php\/2025\/03\/27\/la-filiere-algale-normande-au-programme-dune-visite-de-parlementaires-a-saint-lo\/#respond"]}]},{"@type":"WebPage","@id":"https:\/\/www.algaia.com\/index.php\/2025\/03\/27\/la-filiere-algale-normande-au-programme-dune-visite-de-parlementaires-a-saint-lo\/","url":"https:\/\/www.algaia.com\/index.php\/2025\/03\/27\/la-filiere-algale-normande-au-programme-dune-visite-de-parlementaires-a-saint-lo\/","name":"La fili\u00e8re algale normande au programme d'une visite de parlementaires \u00e0 Saint L\u00f4 &#8226; Algaia","isPartOf":{"@id":"https:\/\/www.algaia.com\/#website"},"primaryImageOfPage":{"@id":"https:\/\/www.algaia.com\/index.php\/2025\/03\/27\/la-filiere-algale-normande-au-programme-dune-visite-de-parlementaires-a-saint-lo\/#primaryimage"},"image":{"@id":"https:\/\/www.algaia.com\/index.php\/2025\/03\/27\/la-filiere-algale-normande-au-programme-dune-visite-de-parlementaires-a-saint-lo\/#primaryimage"},"thumbnailUrl":"https:\/\/www.algaia.com\/wp-content\/uploads\/2025\/03\/1742842012359.jpeg","datePublished":"2025-03-27T14:26:56+00:00","dateModified":"2025-03-27T14:26:57+00:00","breadcrumb":{"@id":"https:\/\/www.algaia.com\/index.php\/2025\/03\/27\/la-filiere-algale-normande-au-programme-dune-visite-de-parlementaires-a-saint-lo\/#breadcrumb"},"inLanguage":"fr-FR","potentialAction":[{"@type":"ReadAction","target":["https:\/\/www.algaia.com\/index.php\/2025\/03\/27\/la-filiere-algale-normande-au-programme-dune-visite-de-parlementaires-a-saint-lo\/"]}]},{"@type":"ImageObject","inLanguage":"fr-FR","@id":"https:\/\/www.algaia.com\/index.php\/2025\/03\/27\/la-filiere-algale-normande-au-programme-dune-visite-de-parlementaires-a-saint-lo\/#primaryimage","url":"https:\/\/www.algaia.com\/wp-content\/uploads\/2025\/03\/1742842012359.jpeg","contentUrl":"https:\/\/www.algaia.com\/wp-content\/uploads\/2025\/03\/1742842012359.jpeg","width":2048,"height":1535},{"@type":"BreadcrumbList","@id":"https:\/\/www.algaia.com\/index.php\/2025\/03\/27\/la-filiere-algale-normande-au-programme-dune-visite-de-parlementaires-a-saint-lo\/#breadcrumb","itemListElement":[{"@type":"ListItem","position":1,"name":"Home","item":"https:\/\/www.algaia.com\/"},{"@type":"ListItem","position":2,"name":"La fili\u00e8re algale normande au programme d&rsquo;une visite de parlementaires \u00e0 Saint L\u00f4"}]},{"@type":"WebSite","@id":"https:\/\/www.algaia.com\/#website","url":"https:\/\/www.algaia.com\/","name":"Algaia","description":"Your Algae Partner","publisher":{"@id":"https:\/\/www.algaia.com\/#organization"},"potentialAction":[{"@type":"SearchAction","target":{"@type":"EntryPoint","urlTemplate":"https:\/\/www.algaia.com\/?s={search_term_string}"},"query-input":{"@type":"PropertyValueSpecification","valueRequired":true,"valueName":"search_term_string"}}],"inLanguage":"fr-FR"},{"@type":"Organization","@id":"https:\/\/www.algaia.com\/#organization","name":"algaia","url":"https:\/\/www.algaia.com\/","logo":{"@type":"ImageObject","inLanguage":"fr-FR","@id":"https:\/\/www.algaia.com\/#\/schema\/logo\/image\/","url":"https:\/\/www.algaia.com\/wp-content\/uploads\/2019\/03\/news.jpg","contentUrl":"https:\/\/www.algaia.com\/wp-content\/uploads\/2019\/03\/news.jpg","width":358,"height":251,"caption":"algaia"},"image":{"@id":"https:\/\/www.algaia.com\/#\/schema\/logo\/image\/"},"sameAs":["https:\/\/www.linkedin.com\/company\/algaia\/"]},{"@type":"Person","@id":"https:\/\/www.algaia.com\/#\/schema\/person\/95bcabb950f4a6699dc569d7483020dc","name":"admin_Algaia","image":{"@type":"ImageObject","inLanguage":"fr-FR","@id":"https:\/\/secure.gravatar.com\/avatar\/2958ff70fb621d5ecc1f938d297cd4dcb6414d264ff72175a2686413961be206?s=96&d=mm&r=g","url":"https:\/\/secure.gravatar.com\/avatar\/2958ff70fb621d5ecc1f938d297cd4dcb6414d264ff72175a2686413961be206?s=96&d=mm&r=g","contentUrl":"https:\/\/secure.gravatar.com\/avatar\/2958ff70fb621d5ecc1f938d297cd4dcb6414d264ff72175a2686413961be206?s=96&d=mm&r=g","caption":"admin_Algaia"},"url":"https:\/\/www.algaia.com\/index.php\/author\/admin_algaia\/"}]}},"_links":{"self":[{"href":"https:\/\/www.algaia.com\/index.php\/wp-json\/wp\/v2\/posts\/7794","targetHints":{"allow":["GET"]}}],"collection":[{"href":"https:\/\/www.algaia.com\/index.php\/wp-json\/wp\/v2\/posts"}],"about":[{"href":"https:\/\/www.algaia.com\/index.php\/wp-json\/wp\/v2\/types\/post"}],"author":[{"embeddable":true,"href":"https:\/\/www.algaia.com\/index.php\/wp-json\/wp\/v2\/users\/1"}],"replies":[{"embeddable":true,"href":"https:\/\/www.algaia.com\/index.php\/wp-json\/wp\/v2\/comments?post=7794"}],"version-history":[{"count":3,"href":"https:\/\/www.algaia.com\/index.php\/wp-json\/wp\/v2\/posts\/7794\/revisions"}],"predecessor-version":[{"id":7811,"href":"https:\/\/www.algaia.com\/index.php\/wp-json\/wp\/v2\/posts\/7794\/revisions\/7811"}],"wp:featuredmedia":[{"embeddable":true,"href":"https:\/\/www.algaia.com\/index.php\/wp-json\/wp\/v2\/media\/7799"}],"wp:attachment":[{"href":"https:\/\/www.algaia.com\/index.php\/wp-json\/wp\/v2\/media?parent=7794"}],"wp:term":[{"taxonomy":"category","embeddable":true,"href":"https:\/\/www.algaia.com\/index.php\/wp-json\/wp\/v2\/categories?post=7794"},{"taxonomy":"post_tag","embeddable":true,"href":"https:\/\/www.algaia.com\/index.php\/wp-json\/wp\/v2\/tags?post=7794"}],"curies":[{"name":"wp","href":"https:\/\/api.w.org\/{rel}","templated":true}]}}