{"id":6201,"date":"2023-08-26T18:23:00","date_gmt":"2023-08-26T16:23:00","guid":{"rendered":"https:\/\/www.algaia.com\/?p=6201"},"modified":"2023-09-02T18:23:58","modified_gmt":"2023-09-02T16:23:58","slug":"presentation-du-projet-sargasses-a-leuropean-phycological-conference-a-brest","status":"publish","type":"post","link":"https:\/\/www.algaia.com\/index.php\/2023\/08\/26\/presentation-du-projet-sargasses-a-leuropean-phycological-conference-a-brest\/","title":{"rendered":"Pr\u00e9sentation du projet Sargasses \u00e0 l&rsquo;European Phycological Conference \u00e0 Brest"},"content":{"rendered":"\n[et_pb_section fb_built=\u00a0\u00bb1&Prime; theme_builder_area=\u00a0\u00bbpost_content\u00a0\u00bb _builder_version=\u00a0\u00bb4.17.4&Prime; _module_preset=\u00a0\u00bbdefault\u00a0\u00bb][et_pb_row _builder_version=\u00a0\u00bb4.17.4&Prime; _module_preset=\u00a0\u00bbdefault\u00a0\u00bb column_structure=\u00a0\u00bb1_2,1_2&Prime; theme_builder_area=\u00a0\u00bbpost_content\u00a0\u00bb][et_pb_column _builder_version=\u00a0\u00bb4.17.4&Prime; _module_preset=\u00a0\u00bbdefault\u00a0\u00bb type=\u00a0\u00bb1_2&Prime; theme_builder_area=\u00a0\u00bbpost_content\u00a0\u00bb][et_pb_text _builder_version=\u00a0\u00bb4.17.4&Prime; _module_preset=\u00a0\u00bbdefault\u00a0\u00bb theme_builder_area=\u00a0\u00bbpost_content\u00a0\u00bb hover_enabled=\u00a0\u00bb0&Prime; sticky_enabled=\u00a0\u00bb0&Prime;]<p><span>Algaia a particip\u00e9 au 8\u00e8me Congr\u00e8s Phycologique Europ\u00e9en (<\/span><a href=\"https:\/\/www.linkedin.com\/feed\/hashtag\/?keywords=epc8&amp;highlightedUpdateUrns=urn%3Ali%3Aactivity%3A7098302238313304064\" data-attribute-index=\"2\">#EPC8<\/a><span>) \u00e0 Brest du 20 au 26 ao\u00fbt.<\/span><\/p>\n<p><span>Organis\u00e9 tous les quatre ans, cet \u00e9v\u00e9nement tr\u00e8s attendu a rassembl\u00e9 des phycologues du monde entier.<\/span><\/p>\n<p><span>De la diversit\u00e9 algale \u00e0 la g\u00e9nomique, en passant par la phycologie appliqu\u00e9e ou la perception soci\u00e9tale des algues, EPC8 a couvert un large \u00e9ventail de sujets passionnants \u00e0 la fois sur les micro- et macro-algues.<\/span><\/p>\n<p><span>Algaia a contribu\u00e9 aux d\u00e9bats en participant \u00e0 une pr\u00e9sentation sur les algues brunes et en particulier le projet Sargasses en collaboration avec l&rsquo;Universit\u00e9 Bretagne Occidentale et Val\u00e9rie Stiger-Pouvreau.<\/span><\/p>[\/et_pb_text][et_pb_image src=\u00a0\u00bbhttps:\/\/www.algaia.com\/wp-content\/uploads\/2023\/09\/1692802556441.jpeg\u00a0\u00bb _builder_version=\u00a0\u00bb4.17.4&Prime; _module_preset=\u00a0\u00bbdefault\u00a0\u00bb theme_builder_area=\u00a0\u00bbpost_content\u00a0\u00bb title_text=\u00a0\u00bb1692802556441&Prime; hover_enabled=\u00a0\u00bb0&Prime; sticky_enabled=\u00a0\u00bb0&Prime;][\/et_pb_image][\/et_pb_column][et_pb_column _builder_version=\u00a0\u00bb4.17.4&Prime; _module_preset=\u00a0\u00bbdefault\u00a0\u00bb type=\u00a0\u00bb1_2&Prime; theme_builder_area=\u00a0\u00bbpost_content\u00a0\u00bb][et_pb_image src=\u00a0\u00bbhttps:\/\/www.algaia.com\/wp-content\/uploads\/2023\/09\/1692802676103.jpeg\u00a0\u00bb _builder_version=\u00a0\u00bb4.17.4&Prime; _module_preset=\u00a0\u00bbdefault\u00a0\u00bb theme_builder_area=\u00a0\u00bbpost_content\u00a0\u00bb title_text=\u00a0\u00bb1692802676103&Prime; hover_enabled=\u00a0\u00bb0&Prime; sticky_enabled=\u00a0\u00bb0&Prime;][\/et_pb_image][\/et_pb_column][\/et_pb_row][\/et_pb_section]\n","protected":false},"excerpt":{"rendered":"<p>Algaia a particip\u00e9 au 8\u00e8me Congr\u00e8s Phycologique Europ\u00e9en (#EPC8) \u00e0 Brest du 20 au 26 ao\u00fbt. Organis\u00e9 tous les quatre ans, cet \u00e9v\u00e9nement tr\u00e8s attendu a rassembl\u00e9 des phycologues du [&hellip;]<\/p>\n","protected":false},"author":1,"featured_media":6202,"comment_status":"open","ping_status":"open","sticky":false,"template":"","format":"standard","meta":{"_et_pb_use_builder":"on","_et_pb_old_content":"","_et_gb_content_width":"","_exactmetrics_skip_tracking":false,"_exactmetrics_sitenote_active":false,"_exactmetrics_sitenote_note":"","_exactmetrics_sitenote_category":0,"footnotes":""},"categories":[51,54],"tags":[],"class_list":["post-6201","post","type-post","status-publish","format-standard","has-post-thumbnail","hentry","category-actus","category-innovation-fr"],"yoast_head":"<!-- This site is optimized with the Yoast SEO plugin v27.5 - https:\/\/yoast.com\/product\/yoast-seo-wordpress\/ -->\n<title>Pr\u00e9sentation du projet Sargasses \u00e0 l&#039;European Phycological Conference \u00e0 Brest &#8226; Algaia<\/title>\n<meta name=\"robots\" content=\"index, follow, max-snippet:-1, max-image-preview:large, max-video-preview:-1\" \/>\n<link rel=\"canonical\" href=\"https:\/\/www.algaia.com\/index.php\/2023\/08\/26\/presentation-du-projet-sargasses-a-leuropean-phycological-conference-a-brest\/\" \/>\n<meta property=\"og:locale\" content=\"fr_FR\" \/>\n<meta property=\"og:type\" content=\"article\" \/>\n<meta property=\"og:title\" content=\"Pr\u00e9sentation du projet Sargasses \u00e0 l&#039;European Phycological Conference \u00e0 Brest &#8226; Algaia\" \/>\n<meta property=\"og:description\" content=\"Algaia a particip\u00e9 au 8\u00e8me Congr\u00e8s Phycologique Europ\u00e9en (#EPC8) \u00e0 Brest du 20 au 26 ao\u00fbt. Organis\u00e9 tous les quatre ans, cet \u00e9v\u00e9nement tr\u00e8s attendu a rassembl\u00e9 des phycologues du [&hellip;]\" \/>\n<meta property=\"og:url\" content=\"https:\/\/www.algaia.com\/index.php\/2023\/08\/26\/presentation-du-projet-sargasses-a-leuropean-phycological-conference-a-brest\/\" \/>\n<meta property=\"og:site_name\" content=\"Algaia\" \/>\n<meta property=\"article:published_time\" content=\"2023-08-26T16:23:00+00:00\" \/>\n<meta property=\"article:modified_time\" content=\"2023-09-02T16:23:58+00:00\" \/>\n<meta property=\"og:image\" content=\"https:\/\/www.algaia.com\/wp-content\/uploads\/2023\/09\/Photo-groupe.jpeg\" \/>\n\t<meta property=\"og:image:width\" content=\"2048\" \/>\n\t<meta property=\"og:image:height\" content=\"1536\" \/>\n\t<meta property=\"og:image:type\" content=\"image\/jpeg\" \/>\n<meta name=\"author\" content=\"admin_Algaia\" \/>\n<meta name=\"twitter:card\" content=\"summary_large_image\" \/>\n<meta name=\"twitter:label1\" content=\"\u00c9crit par\" \/>\n\t<meta name=\"twitter:data1\" content=\"admin_Algaia\" \/>\n\t<meta name=\"twitter:label2\" content=\"Dur\u00e9e de lecture estim\u00e9e\" \/>\n\t<meta name=\"twitter:data2\" content=\"1 minute\" \/>\n<script type=\"application\/ld+json\" class=\"yoast-schema-graph\">{\"@context\":\"https:\\\/\\\/schema.org\",\"@graph\":[{\"@type\":\"Article\",\"@id\":\"https:\\\/\\\/www.algaia.com\\\/index.php\\\/2023\\\/08\\\/26\\\/presentation-du-projet-sargasses-a-leuropean-phycological-conference-a-brest\\\/#article\",\"isPartOf\":{\"@id\":\"https:\\\/\\\/www.algaia.com\\\/index.php\\\/2023\\\/08\\\/26\\\/presentation-du-projet-sargasses-a-leuropean-phycological-conference-a-brest\\\/\"},\"author\":{\"name\":\"admin_Algaia\",\"@id\":\"https:\\\/\\\/www.algaia.com\\\/#\\\/schema\\\/person\\\/95bcabb950f4a6699dc569d7483020dc\"},\"headline\":\"Pr\u00e9sentation du projet Sargasses \u00e0 l&rsquo;European Phycological Conference \u00e0 Brest\",\"datePublished\":\"2023-08-26T16:23:00+00:00\",\"dateModified\":\"2023-09-02T16:23:58+00:00\",\"mainEntityOfPage\":{\"@id\":\"https:\\\/\\\/www.algaia.com\\\/index.php\\\/2023\\\/08\\\/26\\\/presentation-du-projet-sargasses-a-leuropean-phycological-conference-a-brest\\\/\"},\"wordCount\":261,\"commentCount\":0,\"publisher\":{\"@id\":\"https:\\\/\\\/www.algaia.com\\\/#organization\"},\"image\":{\"@id\":\"https:\\\/\\\/www.algaia.com\\\/index.php\\\/2023\\\/08\\\/26\\\/presentation-du-projet-sargasses-a-leuropean-phycological-conference-a-brest\\\/#primaryimage\"},\"thumbnailUrl\":\"https:\\\/\\\/www.algaia.com\\\/wp-content\\\/uploads\\\/2023\\\/09\\\/Photo-groupe.jpeg\",\"articleSection\":[\"Actus\",\"Innovation\"],\"inLanguage\":\"fr-FR\",\"potentialAction\":[{\"@type\":\"CommentAction\",\"name\":\"Comment\",\"target\":[\"https:\\\/\\\/www.algaia.com\\\/index.php\\\/2023\\\/08\\\/26\\\/presentation-du-projet-sargasses-a-leuropean-phycological-conference-a-brest\\\/#respond\"]}]},{\"@type\":\"WebPage\",\"@id\":\"https:\\\/\\\/www.algaia.com\\\/index.php\\\/2023\\\/08\\\/26\\\/presentation-du-projet-sargasses-a-leuropean-phycological-conference-a-brest\\\/\",\"url\":\"https:\\\/\\\/www.algaia.com\\\/index.php\\\/2023\\\/08\\\/26\\\/presentation-du-projet-sargasses-a-leuropean-phycological-conference-a-brest\\\/\",\"name\":\"Pr\u00e9sentation du projet Sargasses \u00e0 l'European Phycological Conference \u00e0 Brest &#8226; Algaia\",\"isPartOf\":{\"@id\":\"https:\\\/\\\/www.algaia.com\\\/#website\"},\"primaryImageOfPage\":{\"@id\":\"https:\\\/\\\/www.algaia.com\\\/index.php\\\/2023\\\/08\\\/26\\\/presentation-du-projet-sargasses-a-leuropean-phycological-conference-a-brest\\\/#primaryimage\"},\"image\":{\"@id\":\"https:\\\/\\\/www.algaia.com\\\/index.php\\\/2023\\\/08\\\/26\\\/presentation-du-projet-sargasses-a-leuropean-phycological-conference-a-brest\\\/#primaryimage\"},\"thumbnailUrl\":\"https:\\\/\\\/www.algaia.com\\\/wp-content\\\/uploads\\\/2023\\\/09\\\/Photo-groupe.jpeg\",\"datePublished\":\"2023-08-26T16:23:00+00:00\",\"dateModified\":\"2023-09-02T16:23:58+00:00\",\"breadcrumb\":{\"@id\":\"https:\\\/\\\/www.algaia.com\\\/index.php\\\/2023\\\/08\\\/26\\\/presentation-du-projet-sargasses-a-leuropean-phycological-conference-a-brest\\\/#breadcrumb\"},\"inLanguage\":\"fr-FR\",\"potentialAction\":[{\"@type\":\"ReadAction\",\"target\":[\"https:\\\/\\\/www.algaia.com\\\/index.php\\\/2023\\\/08\\\/26\\\/presentation-du-projet-sargasses-a-leuropean-phycological-conference-a-brest\\\/\"]}]},{\"@type\":\"ImageObject\",\"inLanguage\":\"fr-FR\",\"@id\":\"https:\\\/\\\/www.algaia.com\\\/index.php\\\/2023\\\/08\\\/26\\\/presentation-du-projet-sargasses-a-leuropean-phycological-conference-a-brest\\\/#primaryimage\",\"url\":\"https:\\\/\\\/www.algaia.com\\\/wp-content\\\/uploads\\\/2023\\\/09\\\/Photo-groupe.jpeg\",\"contentUrl\":\"https:\\\/\\\/www.algaia.com\\\/wp-content\\\/uploads\\\/2023\\\/09\\\/Photo-groupe.jpeg\",\"width\":2048,\"height\":1536},{\"@type\":\"BreadcrumbList\",\"@id\":\"https:\\\/\\\/www.algaia.com\\\/index.php\\\/2023\\\/08\\\/26\\\/presentation-du-projet-sargasses-a-leuropean-phycological-conference-a-brest\\\/#breadcrumb\",\"itemListElement\":[{\"@type\":\"ListItem\",\"position\":1,\"name\":\"Home\",\"item\":\"https:\\\/\\\/www.algaia.com\\\/\"},{\"@type\":\"ListItem\",\"position\":2,\"name\":\"Pr\u00e9sentation du projet Sargasses \u00e0 l&rsquo;European Phycological Conference \u00e0 Brest\"}]},{\"@type\":\"WebSite\",\"@id\":\"https:\\\/\\\/www.algaia.com\\\/#website\",\"url\":\"https:\\\/\\\/www.algaia.com\\\/\",\"name\":\"Algaia\",\"description\":\"Your Algae Partner\",\"publisher\":{\"@id\":\"https:\\\/\\\/www.algaia.com\\\/#organization\"},\"potentialAction\":[{\"@type\":\"SearchAction\",\"target\":{\"@type\":\"EntryPoint\",\"urlTemplate\":\"https:\\\/\\\/www.algaia.com\\\/?s={search_term_string}\"},\"query-input\":{\"@type\":\"PropertyValueSpecification\",\"valueRequired\":true,\"valueName\":\"search_term_string\"}}],\"inLanguage\":\"fr-FR\"},{\"@type\":\"Organization\",\"@id\":\"https:\\\/\\\/www.algaia.com\\\/#organization\",\"name\":\"algaia\",\"url\":\"https:\\\/\\\/www.algaia.com\\\/\",\"logo\":{\"@type\":\"ImageObject\",\"inLanguage\":\"fr-FR\",\"@id\":\"https:\\\/\\\/www.algaia.com\\\/#\\\/schema\\\/logo\\\/image\\\/\",\"url\":\"https:\\\/\\\/www.algaia.com\\\/wp-content\\\/uploads\\\/2019\\\/03\\\/news.jpg\",\"contentUrl\":\"https:\\\/\\\/www.algaia.com\\\/wp-content\\\/uploads\\\/2019\\\/03\\\/news.jpg\",\"width\":358,\"height\":251,\"caption\":\"algaia\"},\"image\":{\"@id\":\"https:\\\/\\\/www.algaia.com\\\/#\\\/schema\\\/logo\\\/image\\\/\"},\"sameAs\":[\"https:\\\/\\\/www.linkedin.com\\\/company\\\/algaia\\\/\"]},{\"@type\":\"Person\",\"@id\":\"https:\\\/\\\/www.algaia.com\\\/#\\\/schema\\\/person\\\/95bcabb950f4a6699dc569d7483020dc\",\"name\":\"admin_Algaia\",\"image\":{\"@type\":\"ImageObject\",\"inLanguage\":\"fr-FR\",\"@id\":\"https:\\\/\\\/secure.gravatar.com\\\/avatar\\\/2958ff70fb621d5ecc1f938d297cd4dcb6414d264ff72175a2686413961be206?s=96&d=mm&r=g\",\"url\":\"https:\\\/\\\/secure.gravatar.com\\\/avatar\\\/2958ff70fb621d5ecc1f938d297cd4dcb6414d264ff72175a2686413961be206?s=96&d=mm&r=g\",\"contentUrl\":\"https:\\\/\\\/secure.gravatar.com\\\/avatar\\\/2958ff70fb621d5ecc1f938d297cd4dcb6414d264ff72175a2686413961be206?s=96&d=mm&r=g\",\"caption\":\"admin_Algaia\"},\"url\":\"https:\\\/\\\/www.algaia.com\\\/index.php\\\/author\\\/admin_algaia\\\/\"}]}<\/script>\n<!-- \/ Yoast SEO plugin. -->","yoast_head_json":{"title":"Pr\u00e9sentation du projet Sargasses \u00e0 l'European Phycological Conference \u00e0 Brest &#8226; Algaia","robots":{"index":"index","follow":"follow","max-snippet":"max-snippet:-1","max-image-preview":"max-image-preview:large","max-video-preview":"max-video-preview:-1"},"canonical":"https:\/\/www.algaia.com\/index.php\/2023\/08\/26\/presentation-du-projet-sargasses-a-leuropean-phycological-conference-a-brest\/","og_locale":"fr_FR","og_type":"article","og_title":"Pr\u00e9sentation du projet Sargasses \u00e0 l'European Phycological Conference \u00e0 Brest &#8226; Algaia","og_description":"Algaia a particip\u00e9 au 8\u00e8me Congr\u00e8s Phycologique Europ\u00e9en (#EPC8) \u00e0 Brest du 20 au 26 ao\u00fbt. Organis\u00e9 tous les quatre ans, cet \u00e9v\u00e9nement tr\u00e8s attendu a rassembl\u00e9 des phycologues du [&hellip;]","og_url":"https:\/\/www.algaia.com\/index.php\/2023\/08\/26\/presentation-du-projet-sargasses-a-leuropean-phycological-conference-a-brest\/","og_site_name":"Algaia","article_published_time":"2023-08-26T16:23:00+00:00","article_modified_time":"2023-09-02T16:23:58+00:00","og_image":[{"width":2048,"height":1536,"url":"https:\/\/www.algaia.com\/wp-content\/uploads\/2023\/09\/Photo-groupe.jpeg","type":"image\/jpeg"}],"author":"admin_Algaia","twitter_card":"summary_large_image","twitter_misc":{"\u00c9crit par":"admin_Algaia","Dur\u00e9e de lecture estim\u00e9e":"1 minute"},"schema":{"@context":"https:\/\/schema.org","@graph":[{"@type":"Article","@id":"https:\/\/www.algaia.com\/index.php\/2023\/08\/26\/presentation-du-projet-sargasses-a-leuropean-phycological-conference-a-brest\/#article","isPartOf":{"@id":"https:\/\/www.algaia.com\/index.php\/2023\/08\/26\/presentation-du-projet-sargasses-a-leuropean-phycological-conference-a-brest\/"},"author":{"name":"admin_Algaia","@id":"https:\/\/www.algaia.com\/#\/schema\/person\/95bcabb950f4a6699dc569d7483020dc"},"headline":"Pr\u00e9sentation du projet Sargasses \u00e0 l&rsquo;European Phycological Conference \u00e0 Brest","datePublished":"2023-08-26T16:23:00+00:00","dateModified":"2023-09-02T16:23:58+00:00","mainEntityOfPage":{"@id":"https:\/\/www.algaia.com\/index.php\/2023\/08\/26\/presentation-du-projet-sargasses-a-leuropean-phycological-conference-a-brest\/"},"wordCount":261,"commentCount":0,"publisher":{"@id":"https:\/\/www.algaia.com\/#organization"},"image":{"@id":"https:\/\/www.algaia.com\/index.php\/2023\/08\/26\/presentation-du-projet-sargasses-a-leuropean-phycological-conference-a-brest\/#primaryimage"},"thumbnailUrl":"https:\/\/www.algaia.com\/wp-content\/uploads\/2023\/09\/Photo-groupe.jpeg","articleSection":["Actus","Innovation"],"inLanguage":"fr-FR","potentialAction":[{"@type":"CommentAction","name":"Comment","target":["https:\/\/www.algaia.com\/index.php\/2023\/08\/26\/presentation-du-projet-sargasses-a-leuropean-phycological-conference-a-brest\/#respond"]}]},{"@type":"WebPage","@id":"https:\/\/www.algaia.com\/index.php\/2023\/08\/26\/presentation-du-projet-sargasses-a-leuropean-phycological-conference-a-brest\/","url":"https:\/\/www.algaia.com\/index.php\/2023\/08\/26\/presentation-du-projet-sargasses-a-leuropean-phycological-conference-a-brest\/","name":"Pr\u00e9sentation du projet Sargasses \u00e0 l'European Phycological Conference \u00e0 Brest &#8226; Algaia","isPartOf":{"@id":"https:\/\/www.algaia.com\/#website"},"primaryImageOfPage":{"@id":"https:\/\/www.algaia.com\/index.php\/2023\/08\/26\/presentation-du-projet-sargasses-a-leuropean-phycological-conference-a-brest\/#primaryimage"},"image":{"@id":"https:\/\/www.algaia.com\/index.php\/2023\/08\/26\/presentation-du-projet-sargasses-a-leuropean-phycological-conference-a-brest\/#primaryimage"},"thumbnailUrl":"https:\/\/www.algaia.com\/wp-content\/uploads\/2023\/09\/Photo-groupe.jpeg","datePublished":"2023-08-26T16:23:00+00:00","dateModified":"2023-09-02T16:23:58+00:00","breadcrumb":{"@id":"https:\/\/www.algaia.com\/index.php\/2023\/08\/26\/presentation-du-projet-sargasses-a-leuropean-phycological-conference-a-brest\/#breadcrumb"},"inLanguage":"fr-FR","potentialAction":[{"@type":"ReadAction","target":["https:\/\/www.algaia.com\/index.php\/2023\/08\/26\/presentation-du-projet-sargasses-a-leuropean-phycological-conference-a-brest\/"]}]},{"@type":"ImageObject","inLanguage":"fr-FR","@id":"https:\/\/www.algaia.com\/index.php\/2023\/08\/26\/presentation-du-projet-sargasses-a-leuropean-phycological-conference-a-brest\/#primaryimage","url":"https:\/\/www.algaia.com\/wp-content\/uploads\/2023\/09\/Photo-groupe.jpeg","contentUrl":"https:\/\/www.algaia.com\/wp-content\/uploads\/2023\/09\/Photo-groupe.jpeg","width":2048,"height":1536},{"@type":"BreadcrumbList","@id":"https:\/\/www.algaia.com\/index.php\/2023\/08\/26\/presentation-du-projet-sargasses-a-leuropean-phycological-conference-a-brest\/#breadcrumb","itemListElement":[{"@type":"ListItem","position":1,"name":"Home","item":"https:\/\/www.algaia.com\/"},{"@type":"ListItem","position":2,"name":"Pr\u00e9sentation du projet Sargasses \u00e0 l&rsquo;European Phycological Conference \u00e0 Brest"}]},{"@type":"WebSite","@id":"https:\/\/www.algaia.com\/#website","url":"https:\/\/www.algaia.com\/","name":"Algaia","description":"Your Algae Partner","publisher":{"@id":"https:\/\/www.algaia.com\/#organization"},"potentialAction":[{"@type":"SearchAction","target":{"@type":"EntryPoint","urlTemplate":"https:\/\/www.algaia.com\/?s={search_term_string}"},"query-input":{"@type":"PropertyValueSpecification","valueRequired":true,"valueName":"search_term_string"}}],"inLanguage":"fr-FR"},{"@type":"Organization","@id":"https:\/\/www.algaia.com\/#organization","name":"algaia","url":"https:\/\/www.algaia.com\/","logo":{"@type":"ImageObject","inLanguage":"fr-FR","@id":"https:\/\/www.algaia.com\/#\/schema\/logo\/image\/","url":"https:\/\/www.algaia.com\/wp-content\/uploads\/2019\/03\/news.jpg","contentUrl":"https:\/\/www.algaia.com\/wp-content\/uploads\/2019\/03\/news.jpg","width":358,"height":251,"caption":"algaia"},"image":{"@id":"https:\/\/www.algaia.com\/#\/schema\/logo\/image\/"},"sameAs":["https:\/\/www.linkedin.com\/company\/algaia\/"]},{"@type":"Person","@id":"https:\/\/www.algaia.com\/#\/schema\/person\/95bcabb950f4a6699dc569d7483020dc","name":"admin_Algaia","image":{"@type":"ImageObject","inLanguage":"fr-FR","@id":"https:\/\/secure.gravatar.com\/avatar\/2958ff70fb621d5ecc1f938d297cd4dcb6414d264ff72175a2686413961be206?s=96&d=mm&r=g","url":"https:\/\/secure.gravatar.com\/avatar\/2958ff70fb621d5ecc1f938d297cd4dcb6414d264ff72175a2686413961be206?s=96&d=mm&r=g","contentUrl":"https:\/\/secure.gravatar.com\/avatar\/2958ff70fb621d5ecc1f938d297cd4dcb6414d264ff72175a2686413961be206?s=96&d=mm&r=g","caption":"admin_Algaia"},"url":"https:\/\/www.algaia.com\/index.php\/author\/admin_algaia\/"}]}},"_links":{"self":[{"href":"https:\/\/www.algaia.com\/index.php\/wp-json\/wp\/v2\/posts\/6201","targetHints":{"allow":["GET"]}}],"collection":[{"href":"https:\/\/www.algaia.com\/index.php\/wp-json\/wp\/v2\/posts"}],"about":[{"href":"https:\/\/www.algaia.com\/index.php\/wp-json\/wp\/v2\/types\/post"}],"author":[{"embeddable":true,"href":"https:\/\/www.algaia.com\/index.php\/wp-json\/wp\/v2\/users\/1"}],"replies":[{"embeddable":true,"href":"https:\/\/www.algaia.com\/index.php\/wp-json\/wp\/v2\/comments?post=6201"}],"version-history":[{"count":3,"href":"https:\/\/www.algaia.com\/index.php\/wp-json\/wp\/v2\/posts\/6201\/revisions"}],"predecessor-version":[{"id":6211,"href":"https:\/\/www.algaia.com\/index.php\/wp-json\/wp\/v2\/posts\/6201\/revisions\/6211"}],"wp:featuredmedia":[{"embeddable":true,"href":"https:\/\/www.algaia.com\/index.php\/wp-json\/wp\/v2\/media\/6202"}],"wp:attachment":[{"href":"https:\/\/www.algaia.com\/index.php\/wp-json\/wp\/v2\/media?parent=6201"}],"wp:term":[{"taxonomy":"category","embeddable":true,"href":"https:\/\/www.algaia.com\/index.php\/wp-json\/wp\/v2\/categories?post=6201"},{"taxonomy":"post_tag","embeddable":true,"href":"https:\/\/www.algaia.com\/index.php\/wp-json\/wp\/v2\/tags?post=6201"}],"curies":[{"name":"wp","href":"https:\/\/api.w.org\/{rel}","templated":true}]}}